{"id":2066,"date":"2022-11-16T12:57:59","date_gmt":"2022-11-16T11:57:59","guid":{"rendered":"https:\/\/caid.cd\/?p=2066"},"modified":"2022-12-14T12:50:11","modified_gmt":"2022-12-14T11:50:11","slug":"befale","status":"publish","type":"post","link":"https:\/\/caid.cd\/?p=2066","title":{"rendered":"befale"},"content":{"rendered":"\t\t<div data-elementor-type=\"wp-post\" data-elementor-id=\"2066\" class=\"elementor elementor-2066\">\n\t\t\t\t\t\t<section class=\"elementor-section elementor-top-section elementor-element elementor-element-fff28c6 elementor-section-boxed elementor-section-height-default elementor-section-height-default\" data-id=\"fff28c6\" data-element_type=\"section\" data-e-type=\"section\">\n\t\t\t\t\t\t<div class=\"elementor-container elementor-column-gap-default\">\n\t\t\t\t\t<div class=\"elementor-column elementor-col-100 elementor-top-column elementor-element elementor-element-472f66d\" data-id=\"472f66d\" data-element_type=\"column\" data-e-type=\"column\">\n\t\t\t<div class=\"elementor-widget-wrap elementor-element-populated\">\n\t\t\t\t\t\t<div class=\"elementor-element elementor-element-d66dfef elementor-widget elementor-widget-heading\" data-id=\"d66dfef\" data-element_type=\"widget\" data-e-type=\"widget\" data-widget_type=\"heading.default\">\n\t\t\t\t<div class=\"elementor-widget-container\">\n\t\t\t\t\t<h2 class=\"elementor-heading-title elementor-size-default\">BEFALE<\/h2>\t\t\t\t<\/div>\n\t\t\t\t<\/div>\n\t\t\t\t\t<\/div>\n\t\t<\/div>\n\t\t\t\t\t<\/div>\n\t\t<\/section>\n\t\t\t\t<section class=\"elementor-section elementor-top-section elementor-element elementor-element-bec1f33 elementor-section-boxed elementor-section-height-default elementor-section-height-default\" data-id=\"bec1f33\" data-element_type=\"section\" data-e-type=\"section\">\n\t\t\t\t\t\t<div class=\"elementor-container elementor-column-gap-default\">\n\t\t\t\t\t<div class=\"elementor-column elementor-col-100 elementor-top-column elementor-element elementor-element-ac00c29\" data-id=\"ac00c29\" data-element_type=\"column\" data-e-type=\"column\">\n\t\t\t<div class=\"elementor-widget-wrap elementor-element-populated\">\n\t\t\t\t\t\t<div class=\"elementor-element elementor-element-7165aeb elementor-widget elementor-widget-heading\" data-id=\"7165aeb\" data-element_type=\"widget\" data-e-type=\"widget\" data-widget_type=\"heading.default\">\n\t\t\t\t<div class=\"elementor-widget-container\">\n\t\t\t\t\t<h2 class=\"elementor-heading-title elementor-size-default\">Situation g\u00e9ographique <\/h2>\t\t\t\t<\/div>\n\t\t\t\t<\/div>\n\t\t\t\t\t<\/div>\n\t\t<\/div>\n\t\t\t\t\t<\/div>\n\t\t<\/section>\n\t\t\t\t<section class=\"elementor-section elementor-top-section elementor-element elementor-element-75adf62 elementor-section-boxed elementor-section-height-default elementor-section-height-default\" data-id=\"75adf62\" data-element_type=\"section\" data-e-type=\"section\">\n\t\t\t\t\t\t<div class=\"elementor-container elementor-column-gap-default\">\n\t\t\t\t\t<div class=\"elementor-column elementor-col-100 elementor-top-column elementor-element elementor-element-e749123\" data-id=\"e749123\" data-element_type=\"column\" data-e-type=\"column\">\n\t\t\t<div class=\"elementor-widget-wrap elementor-element-populated\">\n\t\t\t\t\t\t<div class=\"elementor-element elementor-element-a06372a elementor-widget elementor-widget-text-editor\" data-id=\"a06372a\" data-element_type=\"widget\" data-e-type=\"widget\" data-widget_type=\"text-editor.default\">\n\t\t\t\t<div class=\"elementor-widget-container\">\n\t\t\t\t\t\t\t\t\t<p>Province\u00a0: 25<\/p><p>Superficie\u00a0: 16 797 km\u00b2<\/p><p><strong>D\u00e9mographie<\/strong><\/p><p>Population\u00a0: 168 674<\/p><p>Source Population\u00a0: Rapport annuel 2015 de l&rsquo;Administration du territoire<\/p><p>Le territoire de Befale a \u00e9t\u00e9 cr\u00e9\u00e9 par d\u00e9cret royal de 1911 apr\u00e8s une guerre tribale qui opposait les groupements Lifindo et Lileko.<\/p><p>Il est une entit\u00e9 d\u00e9concentr\u00e9e de la province de Tshuapa. Il est born\u00e9 \u00e0 l\u2019Est par les territoires de Djolu et Bokungu, \u00e0 l\u2019Ouest par le territoire de Basankusu, au Nord par les territoires de Bongandanga et Djolu et au sud par les territoires de Bolomba et Boende. Le territoire de Befale compte 3 secteurs (Befumbo, Duale et Lomako), 29 groupements et 178 villages.<\/p>\t\t\t\t\t\t\t\t<\/div>\n\t\t\t\t<\/div>\n\t\t\t\t\t<\/div>\n\t\t<\/div>\n\t\t\t\t\t<\/div>\n\t\t<\/section>\n\t\t\t\t<section class=\"elementor-section elementor-top-section elementor-element elementor-element-0b7a9b5 elementor-section-boxed elementor-section-height-default elementor-section-height-default\" data-id=\"0b7a9b5\" data-element_type=\"section\" data-e-type=\"section\">\n\t\t\t\t\t\t<div class=\"elementor-container elementor-column-gap-default\">\n\t\t\t\t\t<div class=\"elementor-column elementor-col-100 elementor-top-column elementor-element elementor-element-e171108\" data-id=\"e171108\" data-element_type=\"column\" data-e-type=\"column\">\n\t\t\t<div class=\"elementor-widget-wrap elementor-element-populated\">\n\t\t\t\t\t\t<div class=\"elementor-element elementor-element-b3caf9a elementor-widget elementor-widget-heading\" data-id=\"b3caf9a\" data-element_type=\"widget\" data-e-type=\"widget\" data-widget_type=\"heading.default\">\n\t\t\t\t<div class=\"elementor-widget-container\">\n\t\t\t\t\t<h2 class=\"elementor-heading-title elementor-size-default\">Coordonn\u00e9es g\u00e9ographiques<\/h2>\t\t\t\t<\/div>\n\t\t\t\t<\/div>\n\t\t\t\t\t<\/div>\n\t\t<\/div>\n\t\t\t\t\t<\/div>\n\t\t<\/section>\n\t\t\t\t<section class=\"elementor-section elementor-top-section elementor-element elementor-element-ec67c01 elementor-section-boxed elementor-section-height-default elementor-section-height-default\" data-id=\"ec67c01\" data-element_type=\"section\" data-e-type=\"section\">\n\t\t\t\t\t\t<div class=\"elementor-container elementor-column-gap-default\">\n\t\t\t\t\t<div class=\"elementor-column elementor-col-100 elementor-top-column elementor-element elementor-element-75aae0c\" data-id=\"75aae0c\" data-element_type=\"column\" data-e-type=\"column\">\n\t\t\t<div class=\"elementor-widget-wrap elementor-element-populated\">\n\t\t\t\t\t\t<div class=\"elementor-element elementor-element-c29bfe5 elementor-widget elementor-widget-text-editor\" data-id=\"c29bfe5\" data-element_type=\"widget\" data-e-type=\"widget\" data-widget_type=\"text-editor.default\">\n\t\t\t\t<div class=\"elementor-widget-container\">\n\t\t\t\t\t\t\t\t\t<p>&#8211; Longitude\u00a0: 15\u00b0 Est<\/p><p>&#8211; Latitude\u00a0: 30\u00b0 Nord et 15\u00b0 Sud<\/p><p>&#8211; Altitude\u00a0: 200 \u00e0 500 m<\/p>\t\t\t\t\t\t\t\t<\/div>\n\t\t\t\t<\/div>\n\t\t\t\t\t<\/div>\n\t\t<\/div>\n\t\t\t\t\t<\/div>\n\t\t<\/section>\n\t\t\t\t<section class=\"elementor-section elementor-top-section elementor-element elementor-element-a2d0484 elementor-section-boxed elementor-section-height-default elementor-section-height-default\" data-id=\"a2d0484\" data-element_type=\"section\" data-e-type=\"section\">\n\t\t\t\t\t\t<div class=\"elementor-container elementor-column-gap-default\">\n\t\t\t\t\t<div class=\"elementor-column elementor-col-100 elementor-top-column elementor-element elementor-element-4e9752a\" data-id=\"4e9752a\" data-element_type=\"column\" data-e-type=\"column\">\n\t\t\t<div class=\"elementor-widget-wrap elementor-element-populated\">\n\t\t\t\t\t\t<div class=\"elementor-element elementor-element-4e87e77 elementor-widget elementor-widget-heading\" data-id=\"4e87e77\" data-element_type=\"widget\" data-e-type=\"widget\" data-widget_type=\"heading.default\">\n\t\t\t\t<div class=\"elementor-widget-container\">\n\t\t\t\t\t<h2 class=\"elementor-heading-title elementor-size-default\">Donn\u00e9es g\u00e9ographiques <\/h2>\t\t\t\t<\/div>\n\t\t\t\t<\/div>\n\t\t\t\t\t<\/div>\n\t\t<\/div>\n\t\t\t\t\t<\/div>\n\t\t<\/section>\n\t\t\t\t<section class=\"elementor-section elementor-top-section elementor-element elementor-element-3828744 elementor-section-boxed elementor-section-height-default elementor-section-height-default\" data-id=\"3828744\" data-element_type=\"section\" data-e-type=\"section\">\n\t\t\t\t\t\t<div class=\"elementor-container elementor-column-gap-default\">\n\t\t\t\t\t<div class=\"elementor-column elementor-col-100 elementor-top-column elementor-element elementor-element-a03554f\" data-id=\"a03554f\" data-element_type=\"column\" data-e-type=\"column\">\n\t\t\t<div class=\"elementor-widget-wrap elementor-element-populated\">\n\t\t\t\t\t\t<div class=\"elementor-element elementor-element-66a6cf7 elementor-widget elementor-widget-text-editor\" data-id=\"66a6cf7\" data-element_type=\"widget\" data-e-type=\"widget\" data-widget_type=\"text-editor.default\">\n\t\t\t\t<div class=\"elementor-widget-container\">\n\t\t\t\t\t\t\t\t\t<p>Depuis l&rsquo;\u00e9poque coloniale jusqu&rsquo;\u00e0 ce jour les chefs de groupement et chefs de village sont d\u00e9sign\u00e9s par l&rsquo;Etat. Cette d\u00e9signation \u00e9tait pr\u00e9c\u00e9d\u00e9e par les \u00e9tudes g\u00e9n\u00e9alogiques r\u00e9alis\u00e9es par les colons. <br \/>Le syst\u00e8me de parent\u00e9 dans les trois secteurs (Befumbo, Duale et Lomako) est le patriarcat. Pour ce qui est du mariage, d&rsquo;une mani\u00e8re g\u00e9n\u00e9rale, la dot est discut\u00e9e entre les deux familles en termes de gramme de cuivre. Pour les groupements de Mooma, Yaama et Likonga, l&rsquo;\u00e9l\u00e9ment principal de la dot est la lance en fer (likonga). En cas du d\u00e9c\u00e8s du mari ou de la femme, la coutume pr\u00e9voit une c\u00e9r\u00e9monie de s\u00e9paration d\u00e9finitive avec le cadavre o\u00f9 la personne rest\u00e9e (homme ou femme) devrait restituer \u00e0 titre symbolique une partie des biens de la dot.<\/p>\t\t\t\t\t\t\t\t<\/div>\n\t\t\t\t<\/div>\n\t\t\t\t\t<\/div>\n\t\t<\/div>\n\t\t\t\t\t<\/div>\n\t\t<\/section>\n\t\t\t\t<section class=\"elementor-section elementor-top-section elementor-element elementor-element-4ca49b9 elementor-section-boxed elementor-section-height-default elementor-section-height-default\" data-id=\"4ca49b9\" data-element_type=\"section\" data-e-type=\"section\">\n\t\t\t\t\t\t<div class=\"elementor-container elementor-column-gap-default\">\n\t\t\t\t\t<div class=\"elementor-column elementor-col-100 elementor-top-column elementor-element elementor-element-8855e4c\" data-id=\"8855e4c\" data-element_type=\"column\" data-e-type=\"column\">\n\t\t\t<div class=\"elementor-widget-wrap elementor-element-populated\">\n\t\t\t\t\t\t<div class=\"elementor-element elementor-element-9801e04 elementor-widget elementor-widget-heading\" data-id=\"9801e04\" data-element_type=\"widget\" data-e-type=\"widget\" data-widget_type=\"heading.default\">\n\t\t\t\t<div class=\"elementor-widget-container\">\n\t\t\t\t\t<h2 class=\"elementor-heading-title elementor-size-default\">Climat<\/h2>\t\t\t\t<\/div>\n\t\t\t\t<\/div>\n\t\t\t\t\t<\/div>\n\t\t<\/div>\n\t\t\t\t\t<\/div>\n\t\t<\/section>\n\t\t\t\t<section class=\"elementor-section elementor-top-section elementor-element elementor-element-c2dc25c elementor-section-boxed elementor-section-height-default elementor-section-height-default\" data-id=\"c2dc25c\" data-element_type=\"section\" data-e-type=\"section\">\n\t\t\t\t\t\t<div class=\"elementor-container elementor-column-gap-default\">\n\t\t\t\t\t<div class=\"elementor-column elementor-col-100 elementor-top-column elementor-element elementor-element-cef7fe0\" data-id=\"cef7fe0\" data-element_type=\"column\" data-e-type=\"column\">\n\t\t\t<div class=\"elementor-widget-wrap elementor-element-populated\">\n\t\t\t\t\t\t<div class=\"elementor-element elementor-element-a52d987 elementor-widget elementor-widget-text-editor\" data-id=\"a52d987\" data-element_type=\"widget\" data-e-type=\"widget\" data-widget_type=\"text-editor.default\">\n\t\t\t\t<div class=\"elementor-widget-container\">\n\t\t\t\t\t\t\t\t\t<p>D\u2019apr\u00e8s la classification de K\u00f6ppen, le climat du territoire de Befale est du type Af : tropical humide avec des pr\u00e9cipitations tous les mois de l\u2019ann\u00e9e ou presque, pas de saison s\u00e8che ou peu marqu\u00e9e. L\u2019ensemble du paysage de cette r\u00e9gion subit un climat dit \u00e9quatorial avec une pluviom\u00e9trie annuelle moyenne qui varie entre 1500 et 1800 mm. La p\u00e9riode la plus humide va d\u2019ao\u00fbt \u00e0 octobre et la dur\u00e9e de la saison s\u00e8che (janvier-f\u00e9vrier) est inf\u00e9rieure \u00e0 2 mois. La temp\u00e9rature moyenne minimale mensuelle varie entre 21.20 et 22.20\u00b0C et la moyenne maximale mensuelle varie entre 26.8 et 30.85\u00b0C (PFBC, 2006 cit\u00e9 par Balimbaki, 2012).<\/p>\t\t\t\t\t\t\t\t<\/div>\n\t\t\t\t<\/div>\n\t\t\t\t\t<\/div>\n\t\t<\/div>\n\t\t\t\t\t<\/div>\n\t\t<\/section>\n\t\t\t\t<section class=\"elementor-section elementor-top-section elementor-element elementor-element-79ecd2c elementor-section-boxed elementor-section-height-default elementor-section-height-default\" data-id=\"79ecd2c\" data-element_type=\"section\" data-e-type=\"section\">\n\t\t\t\t\t\t<div class=\"elementor-container elementor-column-gap-default\">\n\t\t\t\t\t<div class=\"elementor-column elementor-col-100 elementor-top-column elementor-element elementor-element-5a6ffae\" data-id=\"5a6ffae\" data-element_type=\"column\" data-e-type=\"column\">\n\t\t\t<div class=\"elementor-widget-wrap elementor-element-populated\">\n\t\t\t\t\t\t<div class=\"elementor-element elementor-element-54f666b elementor-widget elementor-widget-heading\" data-id=\"54f666b\" data-element_type=\"widget\" data-e-type=\"widget\" data-widget_type=\"heading.default\">\n\t\t\t\t<div class=\"elementor-widget-container\">\n\t\t\t\t\t<h2 class=\"elementor-heading-title elementor-size-default\">Hydrographie <\/h2>\t\t\t\t<\/div>\n\t\t\t\t<\/div>\n\t\t\t\t\t<\/div>\n\t\t<\/div>\n\t\t\t\t\t<\/div>\n\t\t<\/section>\n\t\t\t\t<section class=\"elementor-section elementor-top-section elementor-element elementor-element-9ca294f elementor-section-boxed elementor-section-height-default elementor-section-height-default\" data-id=\"9ca294f\" data-element_type=\"section\" data-e-type=\"section\">\n\t\t\t\t\t\t<div class=\"elementor-container elementor-column-gap-default\">\n\t\t\t\t\t<div class=\"elementor-column elementor-col-100 elementor-top-column elementor-element elementor-element-292fbf3\" data-id=\"292fbf3\" data-element_type=\"column\" data-e-type=\"column\">\n\t\t\t<div class=\"elementor-widget-wrap elementor-element-populated\">\n\t\t\t\t\t\t<div class=\"elementor-element elementor-element-3d17662 elementor-widget elementor-widget-text-editor\" data-id=\"3d17662\" data-element_type=\"widget\" data-e-type=\"widget\" data-widget_type=\"text-editor.default\">\n\t\t\t\t<div class=\"elementor-widget-container\">\n\t\t\t\t\t\t\t\t\t<p>Le territoire de Befale est drain\u00e9 par plusieurs ruisseaux se jetant dans les rivi\u00e8res Maringa et Lomako. Seule la rivi\u00e8re Maringa est navigable. Outre ces deux rivi\u00e8res, le territoire de Befale est parcouru par plusieurs autres rivi\u00e8res. Les hautes eaux s\u2019\u00e9talent d\u2019octobre \u00e0 d\u00e9cembre\u00a0; les bases eaux, de f\u00e9vrier \u00e0 ao\u00fbt.<\/p>\t\t\t\t\t\t\t\t<\/div>\n\t\t\t\t<\/div>\n\t\t\t\t\t<\/div>\n\t\t<\/div>\n\t\t\t\t\t<\/div>\n\t\t<\/section>\n\t\t\t\t<section class=\"elementor-section elementor-top-section elementor-element elementor-element-659bcfc elementor-section-boxed elementor-section-height-default elementor-section-height-default\" data-id=\"659bcfc\" data-element_type=\"section\" data-e-type=\"section\">\n\t\t\t\t\t\t<div class=\"elementor-container elementor-column-gap-default\">\n\t\t\t\t\t<div class=\"elementor-column elementor-col-100 elementor-top-column elementor-element elementor-element-b8ab7c7\" data-id=\"b8ab7c7\" data-element_type=\"column\" data-e-type=\"column\">\n\t\t\t<div class=\"elementor-widget-wrap elementor-element-populated\">\n\t\t\t\t\t\t<div class=\"elementor-element elementor-element-1bbcb7c elementor-widget elementor-widget-heading\" data-id=\"1bbcb7c\" data-element_type=\"widget\" data-e-type=\"widget\" data-widget_type=\"heading.default\">\n\t\t\t\t<div class=\"elementor-widget-container\">\n\t\t\t\t\t<h2 class=\"elementor-heading-title elementor-size-default\">V\u00e9g\u00e9tation<\/h2>\t\t\t\t<\/div>\n\t\t\t\t<\/div>\n\t\t\t\t\t<\/div>\n\t\t<\/div>\n\t\t\t\t\t<\/div>\n\t\t<\/section>\n\t\t\t\t<section class=\"elementor-section elementor-top-section elementor-element elementor-element-3496839 elementor-section-boxed elementor-section-height-default elementor-section-height-default\" data-id=\"3496839\" data-element_type=\"section\" data-e-type=\"section\">\n\t\t\t\t\t\t<div class=\"elementor-container elementor-column-gap-default\">\n\t\t\t\t\t<div class=\"elementor-column elementor-col-100 elementor-top-column elementor-element elementor-element-2f8b67d\" data-id=\"2f8b67d\" data-element_type=\"column\" data-e-type=\"column\">\n\t\t\t<div class=\"elementor-widget-wrap elementor-element-populated\">\n\t\t\t\t\t\t<div class=\"elementor-element elementor-element-37fe8d9 elementor-widget elementor-widget-text-editor\" data-id=\"37fe8d9\" data-element_type=\"widget\" data-e-type=\"widget\" data-widget_type=\"text-editor.default\">\n\t\t\t\t<div class=\"elementor-widget-container\">\n\t\t\t\t\t\t\t\t\t<p>La plus grande partie du paysage du territoire de Befale est couverte de for\u00eats denses humides dont les for\u00eats de terre ferme et les for\u00eats p\u00e9riodiquement inond\u00e9es et\/ou mar\u00e9cageuses qui longent les rivi\u00e8res et les ruisseaux. Les formations de terre ferme comprennent des for\u00eats ombrophiles semi-sempervirentes \u00e0\u00a0<em>Scorodophloeus zenkeri<\/em>\u00a0et des for\u00eats ombrophiles sempervirentes \u00e0 monodominance de\u00a0<em>Gilbertiodendron dewevrei<\/em>\u00a0ou de\u00a0<em>Brachystegia laurentii<\/em>. Les formations \u00e9daphiques comprennent des for\u00eats ripicoles \u00e0\u00a0<em>Uapaca heudelotii,\u00a0<\/em>des for\u00eats inondables \u00e0\u00a0<em>Oubanguia africana<\/em>\u00a0et des for\u00eats mar\u00e9cageuses \u00e0<em>\u00a0Entandrophragma palustre<\/em>\u00a0et\u00a0<em>Coelocaryon botryoides<\/em>\u00a0(PFBC, 2006).<\/p>\t\t\t\t\t\t\t\t<\/div>\n\t\t\t\t<\/div>\n\t\t\t\t\t<\/div>\n\t\t<\/div>\n\t\t\t\t\t<\/div>\n\t\t<\/section>\n\t\t\t\t<section class=\"elementor-section elementor-top-section elementor-element elementor-element-467bce4 elementor-section-boxed elementor-section-height-default elementor-section-height-default\" data-id=\"467bce4\" data-element_type=\"section\" data-e-type=\"section\">\n\t\t\t\t\t\t<div class=\"elementor-container elementor-column-gap-default\">\n\t\t\t\t\t<div class=\"elementor-column elementor-col-100 elementor-top-column elementor-element elementor-element-20c235a\" data-id=\"20c235a\" data-element_type=\"column\" data-e-type=\"column\">\n\t\t\t<div class=\"elementor-widget-wrap elementor-element-populated\">\n\t\t\t\t\t\t<div class=\"elementor-element elementor-element-23912dc elementor-widget elementor-widget-heading\" data-id=\"23912dc\" data-element_type=\"widget\" data-e-type=\"widget\" data-widget_type=\"heading.default\">\n\t\t\t\t<div class=\"elementor-widget-container\">\n\t\t\t\t\t<h2 class=\"elementor-heading-title elementor-size-default\">Sol<\/h2>\t\t\t\t<\/div>\n\t\t\t\t<\/div>\n\t\t\t\t\t<\/div>\n\t\t<\/div>\n\t\t\t\t\t<\/div>\n\t\t<\/section>\n\t\t\t\t<section class=\"elementor-section elementor-top-section elementor-element elementor-element-c808a29 elementor-section-boxed elementor-section-height-default elementor-section-height-default\" data-id=\"c808a29\" data-element_type=\"section\" data-e-type=\"section\">\n\t\t\t\t\t\t<div class=\"elementor-container elementor-column-gap-default\">\n\t\t\t\t\t<div class=\"elementor-column elementor-col-100 elementor-top-column elementor-element elementor-element-003a649\" data-id=\"003a649\" data-element_type=\"column\" data-e-type=\"column\">\n\t\t\t<div class=\"elementor-widget-wrap elementor-element-populated\">\n\t\t\t\t\t\t<div class=\"elementor-element elementor-element-ab96928 elementor-widget elementor-widget-text-editor\" data-id=\"ab96928\" data-element_type=\"widget\" data-e-type=\"widget\" data-widget_type=\"text-editor.default\">\n\t\t\t\t<div class=\"elementor-widget-container\">\n\t\t\t\t\t\t\t\t\t<p>Les sols du territoire de Befale sont des ferrasols des bas plateaux de la cuvette. Ils sont d\u00e9riv\u00e9s d\u2019une p\u00e9n\u00e9plaine datant du pl\u00e9istoc\u00e8ne et occupent des bandes des terres fermes entre vall\u00e9es mar\u00e9cageuses et terres fermes (Balimbaki, 2012).<\/p>\t\t\t\t\t\t\t\t<\/div>\n\t\t\t\t<\/div>\n\t\t\t\t\t<\/div>\n\t\t<\/div>\n\t\t\t\t\t<\/div>\n\t\t<\/section>\n\t\t\t\t<section class=\"elementor-section elementor-top-section elementor-element elementor-element-3b2fef6 elementor-section-boxed elementor-section-height-default elementor-section-height-default\" data-id=\"3b2fef6\" data-element_type=\"section\" data-e-type=\"section\">\n\t\t\t\t\t\t<div class=\"elementor-container elementor-column-gap-default\">\n\t\t\t\t\t<div class=\"elementor-column elementor-col-100 elementor-top-column elementor-element elementor-element-c155677\" data-id=\"c155677\" data-element_type=\"column\" data-e-type=\"column\">\n\t\t\t<div class=\"elementor-widget-wrap elementor-element-populated\">\n\t\t\t\t\t\t<div class=\"elementor-element elementor-element-f2810c5 elementor-widget elementor-widget-heading\" data-id=\"f2810c5\" data-element_type=\"widget\" data-e-type=\"widget\" data-widget_type=\"heading.default\">\n\t\t\t\t<div class=\"elementor-widget-container\">\n\t\t\t\t\t<h2 class=\"elementor-heading-title elementor-size-default\">Langues parl\u00e9es <\/h2>\t\t\t\t<\/div>\n\t\t\t\t<\/div>\n\t\t\t\t\t<\/div>\n\t\t<\/div>\n\t\t\t\t\t<\/div>\n\t\t<\/section>\n\t\t\t\t<section class=\"elementor-section elementor-top-section elementor-element elementor-element-ecad7ce elementor-section-boxed elementor-section-height-default elementor-section-height-default\" data-id=\"ecad7ce\" data-element_type=\"section\" data-e-type=\"section\">\n\t\t\t\t\t\t<div class=\"elementor-container elementor-column-gap-default\">\n\t\t\t\t\t<div class=\"elementor-column elementor-col-100 elementor-top-column elementor-element elementor-element-90acb7f\" data-id=\"90acb7f\" data-element_type=\"column\" data-e-type=\"column\">\n\t\t\t<div class=\"elementor-widget-wrap elementor-element-populated\">\n\t\t\t\t\t\t<div class=\"elementor-element elementor-element-97f18b8 elementor-widget elementor-widget-text-editor\" data-id=\"97f18b8\" data-element_type=\"widget\" data-e-type=\"widget\" data-widget_type=\"text-editor.default\">\n\t\t\t\t<div class=\"elementor-widget-container\">\n\t\t\t\t\t\t\t\t\t<p>&#8211; Lingala\u00a0<\/p><p>&#8211; Lomongo\u00a0<\/p><p>&#8211; Longando\u00a0<\/p><p>Trois langues sont parl\u00e9es dans le territoire de Befale. Il s&rsquo;agit de lingala, lomongo et longando. Le lingala est la langue commune parl\u00e9e par toute la population du territoire. Le lomongo est un dialecte parl\u00e9 par la majorit\u00e9 de la population. Il est parl\u00e9 dans les 26 groupements sur les 29 groupements que comptent le territoire de Befale. Ces groupements sont les suivants : Eos\u2019eanse, Eos\u2019aliko, Lileko, Lifindo, Lifumba, Loolo, Boilinga, Baringa, Esanga, Imende, Wamba-liindja, Iwoku, Bomandja, Lolingo, Bolongo, Mompono, Bolemba, Bolaka, Ekala nkoy, Bomwankoy, Likinduamba, Lombeolo, Bokumbelokole, Nsongo Mboyo, Looma et Boyela. Le longando est un dialecte parl\u00e9 par la minorit\u00e9 pr\u00e9cis\u00e9ment la population de groupements de Likongo, Moma et Yaama dans le secteur de Duale.<\/p>\t\t\t\t\t\t\t\t<\/div>\n\t\t\t\t<\/div>\n\t\t\t\t\t<\/div>\n\t\t<\/div>\n\t\t\t\t\t<\/div>\n\t\t<\/section>\n\t\t\t\t<section class=\"elementor-section elementor-top-section elementor-element elementor-element-627e2a6 elementor-section-boxed elementor-section-height-default elementor-section-height-default\" data-id=\"627e2a6\" data-element_type=\"section\" data-e-type=\"section\">\n\t\t\t\t\t\t<div class=\"elementor-container elementor-column-gap-default\">\n\t\t\t\t\t<div class=\"elementor-column elementor-col-100 elementor-top-column elementor-element elementor-element-6dda9fc\" data-id=\"6dda9fc\" data-element_type=\"column\" data-e-type=\"column\">\n\t\t\t<div class=\"elementor-widget-wrap elementor-element-populated\">\n\t\t\t\t\t\t<div class=\"elementor-element elementor-element-fb17357 elementor-widget elementor-widget-heading\" data-id=\"fb17357\" data-element_type=\"widget\" data-e-type=\"widget\" data-widget_type=\"heading.default\">\n\t\t\t\t<div class=\"elementor-widget-container\">\n\t\t\t\t\t<h2 class=\"elementor-heading-title elementor-size-default\">Situation \u00e9conomique <\/h2>\t\t\t\t<\/div>\n\t\t\t\t<\/div>\n\t\t\t\t\t<\/div>\n\t\t<\/div>\n\t\t\t\t\t<\/div>\n\t\t<\/section>\n\t\t\t\t<section class=\"elementor-section elementor-top-section elementor-element elementor-element-4a68fd7 elementor-section-boxed elementor-section-height-default elementor-section-height-default\" data-id=\"4a68fd7\" data-element_type=\"section\" data-e-type=\"section\">\n\t\t\t\t\t\t<div class=\"elementor-container elementor-column-gap-default\">\n\t\t\t\t\t<div class=\"elementor-column elementor-col-100 elementor-top-column elementor-element elementor-element-ce50668\" data-id=\"ce50668\" data-element_type=\"column\" data-e-type=\"column\">\n\t\t\t<div class=\"elementor-widget-wrap elementor-element-populated\">\n\t\t\t\t\t\t<div class=\"elementor-element elementor-element-bc7c5ce elementor-widget elementor-widget-text-editor\" data-id=\"bc7c5ce\" data-element_type=\"widget\" data-e-type=\"widget\" data-widget_type=\"text-editor.default\">\n\t\t\t\t<div class=\"elementor-widget-container\">\n\t\t\t\t\t\t\t\t\t<p><strong>Main Activit\u00e9s\u00a0:<\/strong><\/p><p>&#8211; Agriculture<\/p><p>&#8211; Chasse<\/p><p>&#8211; P\u00eache traditionnelle<\/p><p>&#8211; El\u00e9vage<\/p><p>L\u2019agriculture vivri\u00e8re est la principale activit\u00e9 r\u00e9alis\u00e9e dans le territoire. Les principaux produits agricoles utilis\u00e9s dans le milieu sont : le manioc, le ma\u00efs, l\u2019arachide, le riz et les bananes plantains. Par manque de moyen d\u2019\u00e9vacuation de la production vers le centre de commercialisation, la production agricole du territoire est utilis\u00e9e pour satisfaire aux besoins locaux.<\/p><p>La chasse est la deuxi\u00e8me activit\u00e9 la plus importante du territoire. Elle se r\u00e9alise durant toute l\u2019ann\u00e9e. La r\u00e9glementation de la p\u00e9riode de chasse n\u2019est pas en application dans le territoire sauf dans les zones p\u00e9riph\u00e9riques de la r\u00e9serve de Faune de Lomako.<\/p><p>La p\u00eache se r\u00e9alise aussi durant toute l\u2019ann\u00e9e. Les m\u00e9thodes traditionnelles et les mat\u00e9riels de p\u00eache utilis\u00e9s dans le territoire ne permettent pas la r\u00e9alisation d\u2019une p\u00eache durable. Ils causent de diff\u00e9rents d\u00e9g\u00e2ts dans la nature pr\u00e9cis\u00e9ment dans les \u00e9cosyst\u00e8mes aquatiques du territoire.<\/p><p>L\u2019\u00e9levage extensif de porcs, ch\u00e8vres, b\u0153ufs et de volaille se r\u00e9alise aussi dans le territoire par certains m\u00e9nages. La production issue de cet \u00e9levage est destin\u00e9e \u00e0 la consommation locale. Il n\u2019existe pas des structures ad\u00e9quates d\u2019appui et d\u2019encadrement des \u00e9leveurs dans le territoire. Une \u00e9pid\u00e9mie non encore identifi\u00e9e a \u00e9t\u00e9 remarqu\u00e9e chez les porcs en 2015. Cette \u00e9pid\u00e9mie a caus\u00e9 la mort de la quasi-totalit\u00e9 des porcs dans le territoire.<\/p><p>Voie Route\u00a0: 1<\/p><p>Voie Navigable\u00a0: 1<\/p><p>Voie Train\u00a0: 0<\/p><p>Voie Avion\u00a0: 0<\/p><p>Revenu Moyen\u00a0: 500<\/p><p>Taux Change Vendeur\u00a0: 930<\/p><p>Taux Change Acheteur\u00a0: 910<\/p><p><strong>Principaux produits agricoles <\/strong><\/p><p>&#8211; Manioc<\/p><p>&#8211; Ma\u00efs<\/p><p>&#8211; Banane plantain<\/p><p>&#8211; Riz local<\/p><p>&#8211; Arachide<\/p><p>Le\u00a0manioc\u00a0est le produit agricole de base dans le territoire de Befale. Il est produit en grande quantit\u00e9 par les paysans. Sa production annuelle en 2015 s&rsquo;\u00e9levait \u00e0 6.754 tonnes. Cette production est destin\u00e9e \u00e0 l\u2019autoconsommation et \u00e0 la satisfaction de besoins locaux. Dans les 3 secteurs que comptent le territoire de Befale (Befumbo, Duale et Lomako), le manioc est consomm\u00e9 sous forme de chikwangue (mombita et Engele), de tubercules bouillis (ntuka) et\u00a0du fufu. Les feuilles (pondu) sont aussi appr\u00e9ci\u00e9es par la majorit\u00e9 de la population. Le manioc constitue l\u2019aliment de base de la population de Befale. Le\u00a0ma\u00efs\u00a0est \u00e9galement produit en tr\u00e8s grande quantit\u00e9 dont la production annuelle en 2015 est estim\u00e9e \u00e0 environ 6000 tonnes. La quasi-totalit\u00e9 de sa production est utilis\u00e9e pour la fabrication de l\u2019alcool local appel\u00e9 \u00ab Aguene \u00bb.<\/p><p>L\u2019arachide, le\u00a0riz\u00a0local et la banane plantain sont produits en quantit\u00e9 moyenne pour r\u00e9pondre aux besoins locaux.<\/p><p>Il est \u00e0 noter que la farine de manioc est rare dans le territoire de Befale car il n\u2019y a pas de machine de transformation de fufu (en farine) dans le territoire.<\/p><p>Nombre d\u2019op\u00e9rateurs Economiques\u00a0: 2<\/p><p><strong>Principaux op\u00e9rateurs \u00e9conomiques<\/strong><\/p><p>&#8211; Contrefor qui \u0153uvre dans l\u2019exploitation foresti\u00e8re (exploitation de bois). Cette soci\u00e9t\u00e9 appartient au Groupe Congo futur<\/p><p>&#8211; Socolo qui \u0153uvre dans l\u2019exploitation de l\u2019h\u00e9v\u00e9a (production et vente du caoutchouc). Socolo est une soci\u00e9t\u00e9 priv\u00e9e, appartenant \u00e0 Monsieur Nkema Lilo.<\/p><p>Le territoire de Befale compte 2 op\u00e9rateurs \u00e9conomiques \u00e0 savoir : Contrefor\u00a0et Socolo. Les 2 op\u00e9rateurs \u00e9conomiques \u0153uvrent respectivement \u00e0 Baulu dans le secteur de Lomako (pour Contrefor) et dans quelques villages se trouvant dans les 3 secteurs (Befumbo, Duale et Lomako) \u00e0 savoir : Engunda, Liyala, Lifumba, Likako, Bombeka, Befori, Lisoko (pour Socolo).<\/p><p>&#8211; La soci\u00e9t\u00e9 Contrefor a \u00e9t\u00e9 cr\u00e9\u00e9e en 2005. Elle comptait 160 ouvriers avant sa fermeture en avril 2015. Lors de la r\u00e9ouverture de ses activit\u00e9s en novembre 2015, l\u2019effectif des employ\u00e9s n\u2019est pas encore connu car elle avait r\u00e9sili\u00e9 les contrats de tout employ\u00e9 avant sa fermeture.<\/p><p>&#8211; Socolo a \u00e9t\u00e9 cr\u00e9\u00e9e en 1978. Les plantations d\u2019h\u00e9v\u00e9a qui sont actuellement en possession de la soci\u00e9t\u00e9 Socolo sont celles qui \u00e9taient laiss\u00e9es par de colons ou autres investisseurs. Actuellement la soci\u00e9t\u00e9 Socolo compte 10 ouvriers. Ces derniers surveillent les diff\u00e9rentes plantations. Socolo fait recourt aux diff\u00e9rentes structures \u00e9trang\u00e8res pour exploiter l\u2019h\u00e9v\u00e9a. C\u2019est le cas de l\u2019h\u00e9v\u00e9a Camerounais (Hevecam) de 2012 \u00e0 2014. Pendant cette p\u00e9riode, la quantit\u00e9 d\u2019h\u00e9v\u00e9a exploit\u00e9e par cette structure s\u2019\u00e9levait \u00e0 9.780 tonnes.<\/p><p><strong>Principales Activit\u00e9s des op\u00e9rateurs\u00a0:<\/strong><\/p><p>&#8211; Exploitation foresti\u00e8re (exploitation de bois)<\/p><p>&#8211; Exploitation de l&rsquo;h\u00e9v\u00e9a<\/p>\t\t\t\t\t\t\t\t<\/div>\n\t\t\t\t<\/div>\n\t\t\t\t\t<\/div>\n\t\t<\/div>\n\t\t\t\t\t<\/div>\n\t\t<\/section>\n\t\t\t\t<section class=\"elementor-section elementor-top-section elementor-element elementor-element-9f3d976 elementor-section-boxed elementor-section-height-default elementor-section-height-default\" data-id=\"9f3d976\" data-element_type=\"section\" data-e-type=\"section\">\n\t\t\t\t\t\t<div class=\"elementor-container elementor-column-gap-default\">\n\t\t\t\t\t<div class=\"elementor-column elementor-col-100 elementor-top-column elementor-element elementor-element-6ea3ee5\" data-id=\"6ea3ee5\" data-element_type=\"column\" data-e-type=\"column\">\n\t\t\t<div class=\"elementor-widget-wrap elementor-element-populated\">\n\t\t\t\t\t\t<div class=\"elementor-element elementor-element-f6f6d79 elementor-widget elementor-widget-heading\" data-id=\"f6f6d79\" data-element_type=\"widget\" data-e-type=\"widget\" data-widget_type=\"heading.default\">\n\t\t\t\t<div class=\"elementor-widget-container\">\n\t\t\t\t\t<h2 class=\"elementor-heading-title elementor-size-default\">Sant\u00e9<\/h2>\t\t\t\t<\/div>\n\t\t\t\t<\/div>\n\t\t\t\t\t<\/div>\n\t\t<\/div>\n\t\t\t\t\t<\/div>\n\t\t<\/section>\n\t\t\t\t<section class=\"elementor-section elementor-top-section elementor-element elementor-element-6ae037b elementor-section-boxed elementor-section-height-default elementor-section-height-default\" data-id=\"6ae037b\" data-element_type=\"section\" data-e-type=\"section\">\n\t\t\t\t\t\t<div class=\"elementor-container elementor-column-gap-default\">\n\t\t\t\t\t<div class=\"elementor-column elementor-col-100 elementor-top-column elementor-element elementor-element-860a5c9\" data-id=\"860a5c9\" data-element_type=\"column\" data-e-type=\"column\">\n\t\t\t<div class=\"elementor-widget-wrap elementor-element-populated\">\n\t\t\t\t\t\t<div class=\"elementor-element elementor-element-648337d elementor-widget elementor-widget-text-editor\" data-id=\"648337d\" data-element_type=\"widget\" data-e-type=\"widget\" data-widget_type=\"text-editor.default\">\n\t\t\t\t<div class=\"elementor-widget-container\">\n\t\t\t\t\t\t\t\t\t<p>Nombre H\u00f4pitaux\u00a0: 3<\/p><p>Nombre Centre Sant\u00e9 : 31<\/p><p>Comment H\u00f4pitaux\u00a0: 71<\/p><p>Maladies R\u00e9currentes\u00a0:<\/p><p>&#8211; Paludisme<\/p><p>&#8211; Infection respiratoire aig\u00fce<\/p><p>&#8211; Diarrh\u00e9e<\/p><p>&#8211; Infections sexuellement transmissibles<\/p><p>&#8211; Malnutrition<\/p><p>Selon les donn\u00e9es statistiques issues du rapport annuel 2015 de l&rsquo;administration du territoire, les structures de sant\u00e9 du territoire ont enregistr\u00e9 8.296 cas de paludisme, suivi de 6.312 cas d&rsquo;IRA, 4.300 cas des IST, 2.320 cas de diarrh\u00e9e et 1.400 cas de malnutrition.<\/p><p>Le territoire de Befale dispose de trois h\u00f4pitaux (deux HGR et un h\u00f4pital \u00e9vang\u00e9lique), de 31 centres de sant\u00e9 et de 34 postes de sant\u00e9 (Rapport de deux bureaux centraux de Befale, 2014).<br \/>La distance moyenne entre les domiciles et les structures de sant\u00e9 est en moyenne de 10 km (Propos de m\u00e9decins chefs de zone de sant\u00e9 du territoire de Befale). Les 2 HGR sont \u00e9tatiques par contre l\u2019h\u00f4pital \u00e9vang\u00e9lique de Baringa est priv\u00e9. Le plus grand h\u00f4pital du territoire est l\u2019HGR de Befale qui se trouve dans le secteur de Befumbo. Il a \u00e9t\u00e9 construit en mat\u00e9riaux durables et date de 1951.<br \/>Il est assez d\u00e9labr\u00e9 comme c\u2019est le cas pour les deux autres h\u00f4pitaux, les centres de sant\u00e9 et les postes de sant\u00e9 du territoire de Befale. L\u2019HGR de Befale a une capacit\u00e9 d\u2019accueil de 128 lits mais seulement 28 lits sont disponibles (Propos de M\u00e9decin Directeur de l\u2019HGR de Befale appuy\u00e9 par une visite de l\u2019HGR effectu\u00e9e par l\u2019expert en d\u00e9veloppement du territoire de Befale). Ces lits sont fabriqu\u00e9s \u00e0 l\u2019aide d\u2019une liane appel\u00e9e rotin et sont souvent sans mousses.<br \/>Les diff\u00e9rents services qu\u2019offre l\u2019HGR de Befale sont les suivants : M\u00e9decine g\u00e9n\u00e9rale, p\u00e9diatrie, chirurgie, gyn\u00e9cologie, m\u00e9decine interne \u2026 L\u2019HGR de Befale compte 2 m\u00e9decins g\u00e9n\u00e9ralistes (le m\u00e9decin chef de zone de sant\u00e9 et le m\u00e9decin directeur) et 22 infirmiers.<br \/>Quant \u00e0 l\u2019HGR de Mompono (qui est devenu un HGR en 2004) et l\u2019h\u00f4pital \u00e9vang\u00e9lique de Baringa, ils ont respectivement une capacit\u00e9 d\u2019accueil de 35 lits (mais seulement 5 lits sont install\u00e9s) et 72 lits. Ces h\u00f4pitaux offrent les services ci-apr\u00e8s : m\u00e9decine g\u00e9n\u00e9rale, p\u00e9diatrie, gyn\u00e9cologie, chirurgie, m\u00e9decine interne\u2026 Ils ont un personnel m\u00e9dical respectivement d\u2019un m\u00e9decin g\u00e9n\u00e9raliste qui est souvent appuy\u00e9 par le m\u00e9decin chef de zone de sant\u00e9 de Mompono et de 14 infirmiers (pour l\u2019HGR de Mompono) et d\u2019un seul m\u00e9decin g\u00e9n\u00e9raliste et 22 infirmiers (pour l\u2019h\u00f4pital \u00e9vang\u00e9lique de Baringa).<br \/>Les centres de sant\u00e9 ainsi que les postes de sant\u00e9 du territoire de Befale comptent en moyenne 3 infirmiers et 1 infirmier respectivement. Seul le centre de sant\u00e9 de Boonia dispose d\u2019un m\u00e9decin g\u00e9n\u00e9raliste.<br \/>Tous les h\u00f4pitaux du territoire de Befale n\u2019offrent difficilement les soins sp\u00e9cifiques (comme la dentisterie, la cardiologie, la dermatologie, l\u2019ophtalmologie\u2026) suite au manque de m\u00e9dicaments sp\u00e9cialis\u00e9s, manque d\u2019appareils appropri\u00e9s et au manque de sp\u00e9cialistes.<br \/>Toutefois les soins pr\u00e9liminaires sont illustr\u00e9s aux malades par les m\u00e9decins g\u00e9n\u00e9ralistes des h\u00f4pitaux du territoire de Befale. En cas de complication, les malades sont transf\u00e9r\u00e9s \u00e0 Mbandaka ou \u00e0 Kinshasa.<br \/>Les populations du territoire de Befale trouvent facilement des m\u00e9dicaments contre le paludisme gr\u00e2ce \u00e0 l\u2019ONG ADRA (qui est appuy\u00e9e par le Fonds mondial) qui approvisionne les structures de sant\u00e9 de deux zones de sant\u00e9 du territoire de Befale. Les pharmacies (qui ne sont pas nombreuses et ne r\u00e9pondent pas aux normes) s\u2019approvisionnent en m\u00e9dicaments contre le paludisme \u00e0 Boende, \u00e0 Mbandaka ou \u00e0 Kinshasa. Les m\u00e9dicaments contre d\u2019autres maladies comme l\u2019IRA, l\u2019IST, la diarrh\u00e9e\u2026 ainsi que les m\u00e9dicaments sp\u00e9cialis\u00e9s sont rares dans le territoire et doivent \u00eatre command\u00e9s \u00e0 Boende, Mbandaka ou Kinshasa en cas de n\u00e9cessit\u00e9. Toutefois le co\u00fbt des m\u00e9dicaments contre le paludisme est cher par rapport au niveau de vie de la population de Befale (avec un revenu journalier moyen de 500 franc congolais) car une plaquette de 10 comprim\u00e9s de parac\u00e9tamol coute 200 franc congolais, une plaquette de 10 comprim\u00e9s de 500 mg de quinine coute 2500 franc congolais. En moyenne avec 6000 franc congolais on peut acheter les m\u00e9dicaments pour soigner respectivement les IRA et la diarrh\u00e9e.<\/p><p>\u00a0<\/p>\t\t\t\t\t\t\t\t<\/div>\n\t\t\t\t<\/div>\n\t\t\t\t\t<\/div>\n\t\t<\/div>\n\t\t\t\t\t<\/div>\n\t\t<\/section>\n\t\t\t\t<section class=\"elementor-section elementor-top-section elementor-element elementor-element-51a1cf3 elementor-section-boxed elementor-section-height-default elementor-section-height-default\" data-id=\"51a1cf3\" data-element_type=\"section\" data-e-type=\"section\">\n\t\t\t\t\t\t<div class=\"elementor-container elementor-column-gap-default\">\n\t\t\t\t\t<div class=\"elementor-column elementor-col-100 elementor-top-column elementor-element elementor-element-78545ce\" data-id=\"78545ce\" data-element_type=\"column\" data-e-type=\"column\">\n\t\t\t<div class=\"elementor-widget-wrap elementor-element-populated\">\n\t\t\t\t\t\t<div class=\"elementor-element elementor-element-8fa4bdc elementor-widget elementor-widget-heading\" data-id=\"8fa4bdc\" data-element_type=\"widget\" data-e-type=\"widget\" data-widget_type=\"heading.default\">\n\t\t\t\t<div class=\"elementor-widget-container\">\n\t\t\t\t\t<h2 class=\"elementor-heading-title elementor-size-default\">Education<\/h2>\t\t\t\t<\/div>\n\t\t\t\t<\/div>\n\t\t\t\t\t<\/div>\n\t\t<\/div>\n\t\t\t\t\t<\/div>\n\t\t<\/section>\n\t\t\t\t<section class=\"elementor-section elementor-top-section elementor-element elementor-element-fda3180 elementor-section-boxed elementor-section-height-default elementor-section-height-default\" data-id=\"fda3180\" data-element_type=\"section\" data-e-type=\"section\">\n\t\t\t\t\t\t<div class=\"elementor-container elementor-column-gap-default\">\n\t\t\t\t\t<div class=\"elementor-column elementor-col-100 elementor-top-column elementor-element elementor-element-df05a2c\" data-id=\"df05a2c\" data-element_type=\"column\" data-e-type=\"column\">\n\t\t\t<div class=\"elementor-widget-wrap elementor-element-populated\">\n\t\t\t\t\t\t<div class=\"elementor-element elementor-element-633bfce elementor-widget elementor-widget-text-editor\" data-id=\"633bfce\" data-element_type=\"widget\" data-e-type=\"widget\" data-widget_type=\"text-editor.default\">\n\t\t\t\t<div class=\"elementor-widget-container\">\n\t\t\t\t\t\t\t\t\t<p>Nombre Ecoles\u00a0: 145<\/p><p>Nombre Universit\u00e9s\u00a0: 0<\/p><p>Photos Universit\u00e9s\u00a0: 1<\/p><p>Comment Universit\u00e9s\u00a0:<\/p><table width=\"661\"><tbody><tr><td width=\"128\"><p><strong><em>Universit\u00e9\/Institut sup\u00e9rieur<\/em><\/strong><\/p><\/td><td width=\"108\"><p><strong><em>Entit\u00e9\/Secteur<\/em><\/strong><\/p><\/td><td width=\"87\"><p><strong><em>Fili\u00e8res<\/em><\/strong><\/p><\/td><td width=\"93\"><p><strong><em>Nombre annuel d&rsquo;\u00e9tudiants<\/em><\/strong><\/p><\/td><td width=\"85\"><p><strong><em>Nombre de professeurs<\/em><\/strong><\/p><\/td><td width=\"66\"><p><strong><em>Nombre de CT<\/em><\/strong><\/p><\/td><td width=\"95\"><p><strong><em>Nombre d&rsquo;assistants<\/em><\/strong><\/p><\/td><\/tr><tr><td width=\"128\"><p>Institut Sup\u00e9rieur de Techniques M\u00e9dicales<\/p><\/td><td width=\"108\"><p>Befumbo<\/p><\/td><td width=\"87\"><p>Sciences m\u00e9dicales<\/p><\/td><td width=\"93\"><p>15<\/p><\/td><td width=\"85\"><p>0<\/p><\/td><td width=\"66\"><p>0<\/p><\/td><td width=\"95\"><p>12 (tous sont de sexe masculin)<\/p><\/td><\/tr><\/tbody><\/table><p>L\u2019Institut Sup\u00e9rieur de Techniques M\u00e9dicales de Befale (ISTMB) est le seul \u00e9tablissement sup\u00e9rieur qui fonctionne \u00e0 Befale. Il se trouve dans le secteur de Befumbo pr\u00e9cis\u00e9ment \u00e0 Befale centre. L\u2019ISTMB a vu le jour le 15 octobre 2015. Pour cette ann\u00e9e acad\u00e9mique (2015-2016), l\u2019ISTMB fonctionne avec une seule promotion \u00e0 savoir : le premier graduat. Les deux promotions montantes (deuxi\u00e8me et troisi\u00e8me graduat) verront le jour progressivement avec les m\u00eames \u00e9tudiants inscrits cette ann\u00e9e en premier graduat. Il compte en moyenne 15 \u00e9tudiants (inscrits) en premier graduat. L\u2019ISTMB n\u2019a pas un b\u00e2timent. Il loue un espace dans la concession de l\u2019h\u00f4pital g\u00e9n\u00e9ral de r\u00e9f\u00e9rence de Befale. L\u2019ISTMB compte 12 assistants (tous sont de sexe masculin) parmi lesquels nous trouvons les licenci\u00e9s et les gradu\u00e9s. Les cours sont dispens\u00e9s par les assistants. Selon les propos du secr\u00e9taire g\u00e9n\u00e9ral administratif, l\u2019ISTMB fera appel \u00e0 2 professeurs (visiteurs) provenant de Boende.<\/p><p>Il sied de signaler la fermeture (cette ann\u00e9e) par l\u2019arr\u00eat\u00e9 minist\u00e9riel de l\u2019ESU de l\u2019ISP Befale qui \u00e9tait une extension de l\u2019ISP Boende. La raison qui motive cette fermeture est le manque d\u2019infrastructure de base.<\/p>\t\t\t\t\t\t\t\t<\/div>\n\t\t\t\t<\/div>\n\t\t\t\t\t<\/div>\n\t\t<\/div>\n\t\t\t\t\t<\/div>\n\t\t<\/section>\n\t\t\t\t<section class=\"elementor-section elementor-top-section elementor-element elementor-element-1d29761 elementor-section-boxed elementor-section-height-default elementor-section-height-default\" data-id=\"1d29761\" data-element_type=\"section\" data-e-type=\"section\">\n\t\t\t\t\t\t<div class=\"elementor-container elementor-column-gap-default\">\n\t\t\t\t\t<div class=\"elementor-column elementor-col-100 elementor-top-column elementor-element elementor-element-2fa7347\" data-id=\"2fa7347\" data-element_type=\"column\" data-e-type=\"column\">\n\t\t\t<div class=\"elementor-widget-wrap elementor-element-populated\">\n\t\t\t\t\t\t<div class=\"elementor-element elementor-element-4778141 elementor-widget elementor-widget-heading\" data-id=\"4778141\" data-element_type=\"widget\" data-e-type=\"widget\" data-widget_type=\"heading.default\">\n\t\t\t\t<div class=\"elementor-widget-container\">\n\t\t\t\t\t<h2 class=\"elementor-heading-title elementor-size-default\">Donn\u00e9es culturelles<\/h2>\t\t\t\t<\/div>\n\t\t\t\t<\/div>\n\t\t\t\t\t<\/div>\n\t\t<\/div>\n\t\t\t\t\t<\/div>\n\t\t<\/section>\n\t\t\t\t<section class=\"elementor-section elementor-top-section elementor-element elementor-element-9afa43b elementor-section-boxed elementor-section-height-default elementor-section-height-default\" data-id=\"9afa43b\" data-element_type=\"section\" data-e-type=\"section\">\n\t\t\t\t\t\t<div class=\"elementor-container elementor-column-gap-default\">\n\t\t\t\t\t<div class=\"elementor-column elementor-col-100 elementor-top-column elementor-element elementor-element-7e0082c\" data-id=\"7e0082c\" data-element_type=\"column\" data-e-type=\"column\">\n\t\t\t<div class=\"elementor-widget-wrap elementor-element-populated\">\n\t\t\t\t\t\t<div class=\"elementor-element elementor-element-19e19d0 elementor-widget elementor-widget-text-editor\" data-id=\"19e19d0\" data-element_type=\"widget\" data-e-type=\"widget\" data-widget_type=\"text-editor.default\">\n\t\t\t\t<div class=\"elementor-widget-container\">\n\t\t\t\t\t\t\t\t\t<p>La population du territoire de Befale appartient \u00e0 l&rsquo;ethnie Mongo qui comprend les tribus ci-apr\u00e8s : Nsong&rsquo;Ekelese, Lonola, Mongando, Elinga, Bolifa, Loma et Nsongo-Mboyo.<br \/>La tribu Mongando se trouve dans les 3 groupements (Moma, Likongo et Yaama) du secteur de Duale. Ce dernier compte 11 groupements (Mompono, Bolemba, Bolaka, Ekala Nkoy, Bomwankoy, Likinduamba, Lombeolo, Bokumbelokole, Moma, Likongo et Yaama.) Outre la tribu de Mongando, il existe 2 tribus dans le secteur de Duale (la tribu Elinga et la tribu Lonola.) Les Nsong&rsquo;Ekelese et Bolifa sont les 2 tribus qu&rsquo;on trouve dans le secteur de Befumbo. Ce secteur compte 15 groupement (Eos&rsquo;eanse, Eos&rsquo;aliko, Lileko, Lifindo, Lifumba, Loolo, Boilinga, Baringa, Esanga, Imende, Wamba-liindja, Iwoku, Bomandja, Lolingo et Bolongo.) Il existe 2 tribus dans le secteur de Lomako : Looma et Nsongo-Mboyo. Ce secteur comprend 3 groupements \u00e0 savoir: Nsongo Mboyo, Looma et Boyela.<br \/>Toutes les tribus cit\u00e9es ci-haut sont des chasseurs \u00e0 l&rsquo;exception d&rsquo;Elinga qui sont de p\u00eacheurs. Le territoire de Befale est un territoire cosmopolite o\u00f9 vive aussi les tribus d&rsquo;autres territoires ou provinces comme les luba, les tetela.<\/p>\t\t\t\t\t\t\t\t<\/div>\n\t\t\t\t<\/div>\n\t\t\t\t\t<\/div>\n\t\t<\/div>\n\t\t\t\t\t<\/div>\n\t\t<\/section>\n\t\t\t\t<\/div>\n\t\t","protected":false},"excerpt":{"rendered":"<p>BEFALE Situation g\u00e9ographique Province\u00a0: 25 Superficie\u00a0: 16 797 km\u00b2 D\u00e9mographie Population\u00a0: 168 674 Source Population\u00a0: Rapport annuel 2015 de l&rsquo;Administration &hellip; <\/p>\n","protected":false},"author":1,"featured_media":0,"comment_status":"open","ping_status":"open","sticky":false,"template":"elementor_header_footer","format":"standard","meta":{"footnotes":""},"categories":[1],"tags":[],"class_list":["post-2066","post","type-post","status-publish","format-standard","hentry","category-non-classe"],"yoast_head":"<!-- This site is optimized with the Yoast SEO plugin v27.3 - https:\/\/yoast.com\/product\/yoast-seo-wordpress\/ -->\n<title>befale -<\/title>\n<meta name=\"robots\" content=\"index, follow, max-snippet:-1, max-image-preview:large, max-video-preview:-1\" \/>\n<link rel=\"canonical\" href=\"https:\/\/caid.cd\/?p=2066\" \/>\n<meta property=\"og:locale\" content=\"fr_FR\" \/>\n<meta property=\"og:type\" content=\"article\" \/>\n<meta property=\"og:title\" content=\"befale -\" \/>\n<meta property=\"og:description\" content=\"BEFALE Situation g\u00e9ographique Province\u00a0: 25 Superficie\u00a0: 16 797 km\u00b2 D\u00e9mographie Population\u00a0: 168 674 Source Population\u00a0: Rapport annuel 2015 de l&rsquo;Administration &hellip;\" \/>\n<meta property=\"og:url\" content=\"https:\/\/caid.cd\/?p=2066\" \/>\n<meta property=\"article:published_time\" content=\"2022-11-16T11:57:59+00:00\" \/>\n<meta property=\"article:modified_time\" content=\"2022-12-14T11:50:11+00:00\" \/>\n<meta name=\"author\" content=\"admin\" \/>\n<meta name=\"twitter:card\" content=\"summary_large_image\" \/>\n<meta name=\"twitter:label1\" content=\"\u00c9crit par\" \/>\n\t<meta name=\"twitter:data1\" content=\"admin\" \/>\n\t<meta name=\"twitter:label2\" content=\"Dur\u00e9e de lecture estim\u00e9e\" \/>\n\t<meta name=\"twitter:data2\" content=\"13 minutes\" \/>\n<script type=\"application\/ld+json\" class=\"yoast-schema-graph\">{\"@context\":\"https:\\\/\\\/schema.org\",\"@graph\":[{\"@type\":\"Article\",\"@id\":\"https:\\\/\\\/caid.cd\\\/?p=2066#article\",\"isPartOf\":{\"@id\":\"https:\\\/\\\/caid.cd\\\/?p=2066\"},\"author\":{\"name\":\"admin\",\"@id\":\"https:\\\/\\\/caid.cd\\\/#\\\/schema\\\/person\\\/a957a78ded333df61b42a53d8cfd5abd\"},\"headline\":\"befale\",\"datePublished\":\"2022-11-16T11:57:59+00:00\",\"dateModified\":\"2022-12-14T11:50:11+00:00\",\"mainEntityOfPage\":{\"@id\":\"https:\\\/\\\/caid.cd\\\/?p=2066\"},\"wordCount\":2681,\"commentCount\":0,\"inLanguage\":\"fr-FR\",\"potentialAction\":[{\"@type\":\"CommentAction\",\"name\":\"Comment\",\"target\":[\"https:\\\/\\\/caid.cd\\\/?p=2066#respond\"]}]},{\"@type\":\"WebPage\",\"@id\":\"https:\\\/\\\/caid.cd\\\/?p=2066\",\"url\":\"https:\\\/\\\/caid.cd\\\/?p=2066\",\"name\":\"befale -\",\"isPartOf\":{\"@id\":\"https:\\\/\\\/caid.cd\\\/#website\"},\"datePublished\":\"2022-11-16T11:57:59+00:00\",\"dateModified\":\"2022-12-14T11:50:11+00:00\",\"author\":{\"@id\":\"https:\\\/\\\/caid.cd\\\/#\\\/schema\\\/person\\\/a957a78ded333df61b42a53d8cfd5abd\"},\"breadcrumb\":{\"@id\":\"https:\\\/\\\/caid.cd\\\/?p=2066#breadcrumb\"},\"inLanguage\":\"fr-FR\",\"potentialAction\":[{\"@type\":\"ReadAction\",\"target\":[\"https:\\\/\\\/caid.cd\\\/?p=2066\"]}]},{\"@type\":\"BreadcrumbList\",\"@id\":\"https:\\\/\\\/caid.cd\\\/?p=2066#breadcrumb\",\"itemListElement\":[{\"@type\":\"ListItem\",\"position\":1,\"name\":\"Accueil\",\"item\":\"https:\\\/\\\/caid.cd\\\/\"},{\"@type\":\"ListItem\",\"position\":2,\"name\":\"befale\"}]},{\"@type\":\"WebSite\",\"@id\":\"https:\\\/\\\/caid.cd\\\/#website\",\"url\":\"https:\\\/\\\/caid.cd\\\/\",\"name\":\"\",\"description\":\"\",\"potentialAction\":[{\"@type\":\"SearchAction\",\"target\":{\"@type\":\"EntryPoint\",\"urlTemplate\":\"https:\\\/\\\/caid.cd\\\/?s={search_term_string}\"},\"query-input\":{\"@type\":\"PropertyValueSpecification\",\"valueRequired\":true,\"valueName\":\"search_term_string\"}}],\"inLanguage\":\"fr-FR\"},{\"@type\":\"Person\",\"@id\":\"https:\\\/\\\/caid.cd\\\/#\\\/schema\\\/person\\\/a957a78ded333df61b42a53d8cfd5abd\",\"name\":\"admin\",\"image\":{\"@type\":\"ImageObject\",\"inLanguage\":\"fr-FR\",\"@id\":\"https:\\\/\\\/secure.gravatar.com\\\/avatar\\\/b765a6f78dc54e7a8e82b6b353007fe73e8ee5a9f7476fffb5779d9397ccc83d?s=96&d=mm&r=g\",\"url\":\"https:\\\/\\\/secure.gravatar.com\\\/avatar\\\/b765a6f78dc54e7a8e82b6b353007fe73e8ee5a9f7476fffb5779d9397ccc83d?s=96&d=mm&r=g\",\"contentUrl\":\"https:\\\/\\\/secure.gravatar.com\\\/avatar\\\/b765a6f78dc54e7a8e82b6b353007fe73e8ee5a9f7476fffb5779d9397ccc83d?s=96&d=mm&r=g\",\"caption\":\"admin\"},\"sameAs\":[\"https:\\\/\\\/www.caid.cd\"],\"url\":\"https:\\\/\\\/caid.cd\\\/?author=1\"}]}<\/script>\n<!-- \/ Yoast SEO plugin. -->","yoast_head_json":{"title":"befale -","robots":{"index":"index","follow":"follow","max-snippet":"max-snippet:-1","max-image-preview":"max-image-preview:large","max-video-preview":"max-video-preview:-1"},"canonical":"https:\/\/caid.cd\/?p=2066","og_locale":"fr_FR","og_type":"article","og_title":"befale -","og_description":"BEFALE Situation g\u00e9ographique Province\u00a0: 25 Superficie\u00a0: 16 797 km\u00b2 D\u00e9mographie Population\u00a0: 168 674 Source Population\u00a0: Rapport annuel 2015 de l&rsquo;Administration &hellip;","og_url":"https:\/\/caid.cd\/?p=2066","article_published_time":"2022-11-16T11:57:59+00:00","article_modified_time":"2022-12-14T11:50:11+00:00","author":"admin","twitter_card":"summary_large_image","twitter_misc":{"\u00c9crit par":"admin","Dur\u00e9e de lecture estim\u00e9e":"13 minutes"},"schema":{"@context":"https:\/\/schema.org","@graph":[{"@type":"Article","@id":"https:\/\/caid.cd\/?p=2066#article","isPartOf":{"@id":"https:\/\/caid.cd\/?p=2066"},"author":{"name":"admin","@id":"https:\/\/caid.cd\/#\/schema\/person\/a957a78ded333df61b42a53d8cfd5abd"},"headline":"befale","datePublished":"2022-11-16T11:57:59+00:00","dateModified":"2022-12-14T11:50:11+00:00","mainEntityOfPage":{"@id":"https:\/\/caid.cd\/?p=2066"},"wordCount":2681,"commentCount":0,"inLanguage":"fr-FR","potentialAction":[{"@type":"CommentAction","name":"Comment","target":["https:\/\/caid.cd\/?p=2066#respond"]}]},{"@type":"WebPage","@id":"https:\/\/caid.cd\/?p=2066","url":"https:\/\/caid.cd\/?p=2066","name":"befale -","isPartOf":{"@id":"https:\/\/caid.cd\/#website"},"datePublished":"2022-11-16T11:57:59+00:00","dateModified":"2022-12-14T11:50:11+00:00","author":{"@id":"https:\/\/caid.cd\/#\/schema\/person\/a957a78ded333df61b42a53d8cfd5abd"},"breadcrumb":{"@id":"https:\/\/caid.cd\/?p=2066#breadcrumb"},"inLanguage":"fr-FR","potentialAction":[{"@type":"ReadAction","target":["https:\/\/caid.cd\/?p=2066"]}]},{"@type":"BreadcrumbList","@id":"https:\/\/caid.cd\/?p=2066#breadcrumb","itemListElement":[{"@type":"ListItem","position":1,"name":"Accueil","item":"https:\/\/caid.cd\/"},{"@type":"ListItem","position":2,"name":"befale"}]},{"@type":"WebSite","@id":"https:\/\/caid.cd\/#website","url":"https:\/\/caid.cd\/","name":"","description":"","potentialAction":[{"@type":"SearchAction","target":{"@type":"EntryPoint","urlTemplate":"https:\/\/caid.cd\/?s={search_term_string}"},"query-input":{"@type":"PropertyValueSpecification","valueRequired":true,"valueName":"search_term_string"}}],"inLanguage":"fr-FR"},{"@type":"Person","@id":"https:\/\/caid.cd\/#\/schema\/person\/a957a78ded333df61b42a53d8cfd5abd","name":"admin","image":{"@type":"ImageObject","inLanguage":"fr-FR","@id":"https:\/\/secure.gravatar.com\/avatar\/b765a6f78dc54e7a8e82b6b353007fe73e8ee5a9f7476fffb5779d9397ccc83d?s=96&d=mm&r=g","url":"https:\/\/secure.gravatar.com\/avatar\/b765a6f78dc54e7a8e82b6b353007fe73e8ee5a9f7476fffb5779d9397ccc83d?s=96&d=mm&r=g","contentUrl":"https:\/\/secure.gravatar.com\/avatar\/b765a6f78dc54e7a8e82b6b353007fe73e8ee5a9f7476fffb5779d9397ccc83d?s=96&d=mm&r=g","caption":"admin"},"sameAs":["https:\/\/www.caid.cd"],"url":"https:\/\/caid.cd\/?author=1"}]}},"_links":{"self":[{"href":"https:\/\/caid.cd\/index.php?rest_route=\/wp\/v2\/posts\/2066","targetHints":{"allow":["GET"]}}],"collection":[{"href":"https:\/\/caid.cd\/index.php?rest_route=\/wp\/v2\/posts"}],"about":[{"href":"https:\/\/caid.cd\/index.php?rest_route=\/wp\/v2\/types\/post"}],"author":[{"embeddable":true,"href":"https:\/\/caid.cd\/index.php?rest_route=\/wp\/v2\/users\/1"}],"replies":[{"embeddable":true,"href":"https:\/\/caid.cd\/index.php?rest_route=%2Fwp%2Fv2%2Fcomments&post=2066"}],"version-history":[{"count":106,"href":"https:\/\/caid.cd\/index.php?rest_route=\/wp\/v2\/posts\/2066\/revisions"}],"predecessor-version":[{"id":4316,"href":"https:\/\/caid.cd\/index.php?rest_route=\/wp\/v2\/posts\/2066\/revisions\/4316"}],"wp:attachment":[{"href":"https:\/\/caid.cd\/index.php?rest_route=%2Fwp%2Fv2%2Fmedia&parent=2066"}],"wp:term":[{"taxonomy":"category","embeddable":true,"href":"https:\/\/caid.cd\/index.php?rest_route=%2Fwp%2Fv2%2Fcategories&post=2066"},{"taxonomy":"post_tag","embeddable":true,"href":"https:\/\/caid.cd\/index.php?rest_route=%2Fwp%2Fv2%2Ftags&post=2066"}],"curies":[{"name":"wp","href":"https:\/\/api.w.org\/{rel}","templated":true}]}}